{"id":2111,"date":"2022-06-03T04:27:12","date_gmt":"2022-06-03T04:27:12","guid":{"rendered":"https:\/\/lesafriquesenquestions.com\/?p=2111"},"modified":"2026-04-09T10:52:11","modified_gmt":"2026-04-09T08:52:11","slug":"bringing-podcasts-to-life","status":"publish","type":"post","link":"https:\/\/lesafriquesenquestions.com\/?p=2111","title":{"rendered":"L&rsquo;afrique m\u00e9rite mieux que les r\u00e9cits convenus."},"content":{"rendered":"\n<p><\/p>\n\n\n\n<p>Quand on parle de l&rsquo;Afrique dans les m\u00e9dias, on reconna\u00eet souvent les m\u00eames images, les m\u00eames angles, les m\u00eames raccourcis. La crise. L&rsquo;instabilit\u00e9. Le chaos. Rarement la complexit\u00e9. Rarement la nuance. Rarement la profondeur que m\u00e9ritent un milliard et demi de personnes, cinquante-quatre \u00c9tats, des si\u00e8cles d&rsquo;histoire et des dynamiques g\u00e9opolitiques qui reconfigurent l&rsquo;ordre mondial en temps r\u00e9el.<\/p>\n\n\n\n<p>C&rsquo;est contre ce r\u00e9tr\u00e9cissement du regard que j&rsquo;ai lanc\u00e9 Les Afriques en Question(s) en octobre 2020. Avec une conviction simple : comprendre le continent, c&rsquo;est d\u00e9j\u00e0 une forme d&rsquo;action.<\/p>\n\n\n\n<p>Cinq ans plus tard, le podcast a accueilli des chercheurs, des diplomates, des journalistes et des \u00e9crivains qui pensent l&rsquo;Afrique avec rigueur et sans complaisance. Des voix qui ne simplifient pas. Des conversations qui prennent le temps qu&rsquo;il faut pour aller au fond des choses.<\/p>\n\n\n\n<p>Ce blog est le prolongement naturel de ce travail. Un espace pour partager des analyses, des points de vue, des coulisses d&rsquo;\u00e9pisodes \u2014 et pour garder le fil entre deux saisons. Mais avant tout, c&rsquo;est une invitation.<\/p>\n\n\n\n<p>Une invitation \u00e0 \u00e9couter. \u00c0 vous laisser d\u00e9ranger par des perspectives qui ne confirment pas ce que vous pensez d\u00e9j\u00e0 savoir. \u00c0 d\u00e9couvrir des interlocuteurs d&rsquo;exception qui ont accept\u00e9 de prendre le temps d&rsquo;une vraie conversation.<\/p>\n\n\n\n<p>Parmi eux, quelques voix qui ont marqu\u00e9 les derni\u00e8res saisons : Niagal\u00e9 Bagayoko, politiste et pr\u00e9sidente de l&rsquo;African Security Sector Network. Antoine Glaser, journaliste sp\u00e9cialiste des relations franco-africaines. Jean-Herv\u00e9 J\u00e9z\u00e9quel, directeur du programme Sahel \u00e0 l&rsquo;International Crisis Group. Diadi\u00e9 Demb\u00e9l\u00e9, \u00e9crivain malien. R\u00e9mi Carayol, journaliste \u00e0 Afrique XXI. Franklin Nossiter, chercheur Sahel \u00e0 l&rsquo;International Crisis Group.<\/p>\n\n\n\n<p>La g\u00e9opolitique, la s\u00e9curit\u00e9, la m\u00e9moire, l&rsquo;\u00e9conomie politique, les relations internationales, les voix d&rsquo;\u00e9crivains et de penseurs africains \u2014 chaque \u00e9pisode est une tentative de rendre intelligible ce que les titres de presse ne font qu&rsquo;effleurer.<\/p>\n\n\n\n<p>Alors si vous \u00eates ici, c&rsquo;est que quelque chose vous a conduit vers ce podcast. Restez. Les questions que nous posons ne sont pas toujours confortables. C&rsquo;est exactement pour \u00e7a qu&rsquo;elles valent la peine d&rsquo;\u00eatre pos\u00e9es.<\/p>\n","protected":false},"excerpt":{"rendered":"<p>L&rsquo;Afrique n&rsquo;est pas un sujet simple. Ce podcast non plus.<\/p>\n","protected":false},"author":1,"featured_media":5381,"comment_status":"open","ping_status":"open","sticky":false,"template":"","format":"standard","meta":{"give_campaign_id":0,"footnotes":""},"categories":[1],"tags":[61,59,62,63,60],"class_list":["post-2111","post","type-post","status-publish","format-standard","has-post-thumbnail","hentry","category-non-classe","tag-afrique","tag-edito","tag-geopolitique","tag-medias","tag-podcast"],"yoast_head":"<!-- This site is optimized with the Yoast SEO plugin v27.2 - https:\/\/yoast.com\/product\/yoast-seo-wordpress\/ -->\n<title>L&#039;afrique m\u00e9rite mieux que les r\u00e9cits convenus. - Les Afriques en Questions<\/title>\n<meta name=\"robots\" content=\"index, follow, max-snippet:-1, max-image-preview:large, max-video-preview:-1\" \/>\n<link rel=\"canonical\" href=\"https:\/\/lesafriquesenquestions.com\/?p=2111\" \/>\n<meta property=\"og:locale\" content=\"fr_FR\" \/>\n<meta property=\"og:type\" content=\"article\" \/>\n<meta property=\"og:title\" content=\"L&#039;afrique m\u00e9rite mieux que les r\u00e9cits convenus. - Les Afriques en Questions\" \/>\n<meta property=\"og:description\" content=\"L&#039;Afrique n&#039;est pas un sujet simple. Ce podcast non plus.\" \/>\n<meta property=\"og:url\" content=\"https:\/\/lesafriquesenquestions.com\/?p=2111\" \/>\n<meta property=\"og:site_name\" content=\"Les Afriques en Questions\" \/>\n<meta property=\"article:published_time\" content=\"2022-06-03T04:27:12+00:00\" \/>\n<meta property=\"article:modified_time\" content=\"2026-04-09T08:52:11+00:00\" \/>\n<meta property=\"og:image\" content=\"https:\/\/lesafriquesenquestions.com\/wp-content\/uploads\/2025\/09\/LAEQ-Cover.jpg\" \/>\n\t<meta property=\"og:image:width\" content=\"640\" \/>\n\t<meta property=\"og:image:height\" content=\"640\" \/>\n\t<meta property=\"og:image:type\" content=\"image\/jpeg\" \/>\n<meta name=\"author\" content=\"Administrateur\" \/>\n<meta name=\"twitter:card\" content=\"summary_large_image\" \/>\n<meta name=\"twitter:label1\" content=\"\u00c9crit par\" \/>\n\t<meta name=\"twitter:data1\" content=\"Administrateur\" \/>\n\t<meta name=\"twitter:label2\" content=\"Dur\u00e9e de lecture estim\u00e9e\" \/>\n\t<meta name=\"twitter:data2\" content=\"2 minutes\" \/>\n<script type=\"application\/ld+json\" class=\"yoast-schema-graph\">{\"@context\":\"https:\/\/schema.org\",\"@graph\":[{\"@type\":\"Article\",\"@id\":\"https:\/\/lesafriquesenquestions.com\/?p=2111#article\",\"isPartOf\":{\"@id\":\"https:\/\/lesafriquesenquestions.com\/?p=2111\"},\"author\":{\"name\":\"Administrateur\",\"@id\":\"https:\/\/lesafriquesenquestions.com\/#\/schema\/person\/fbc449a3d34a37eb06311bd2c70a14d7\"},\"headline\":\"L&rsquo;afrique m\u00e9rite mieux que les r\u00e9cits convenus.\",\"datePublished\":\"2022-06-03T04:27:12+00:00\",\"dateModified\":\"2026-04-09T08:52:11+00:00\",\"mainEntityOfPage\":{\"@id\":\"https:\/\/lesafriquesenquestions.com\/?p=2111\"},\"wordCount\":383,\"commentCount\":0,\"image\":{\"@id\":\"https:\/\/lesafriquesenquestions.com\/?p=2111#primaryimage\"},\"thumbnailUrl\":\"https:\/\/lesafriquesenquestions.com\/wp-content\/uploads\/2025\/09\/LAEQ-Cover.jpg\",\"keywords\":[\"Afrique\",\"Edito\",\"G\u00e9opolitique\",\"M\u00e9dias\",\"Podcast\"],\"inLanguage\":\"fr-FR\",\"potentialAction\":[{\"@type\":\"CommentAction\",\"name\":\"Comment\",\"target\":[\"https:\/\/lesafriquesenquestions.com\/?p=2111#respond\"]}]},{\"@type\":\"WebPage\",\"@id\":\"https:\/\/lesafriquesenquestions.com\/?p=2111\",\"url\":\"https:\/\/lesafriquesenquestions.com\/?p=2111\",\"name\":\"L'afrique m\u00e9rite mieux que les r\u00e9cits convenus. - Les Afriques en Questions\",\"isPartOf\":{\"@id\":\"https:\/\/lesafriquesenquestions.com\/#website\"},\"primaryImageOfPage\":{\"@id\":\"https:\/\/lesafriquesenquestions.com\/?p=2111#primaryimage\"},\"image\":{\"@id\":\"https:\/\/lesafriquesenquestions.com\/?p=2111#primaryimage\"},\"thumbnailUrl\":\"https:\/\/lesafriquesenquestions.com\/wp-content\/uploads\/2025\/09\/LAEQ-Cover.jpg\",\"datePublished\":\"2022-06-03T04:27:12+00:00\",\"dateModified\":\"2026-04-09T08:52:11+00:00\",\"author\":{\"@id\":\"https:\/\/lesafriquesenquestions.com\/#\/schema\/person\/fbc449a3d34a37eb06311bd2c70a14d7\"},\"breadcrumb\":{\"@id\":\"https:\/\/lesafriquesenquestions.com\/?p=2111#breadcrumb\"},\"inLanguage\":\"fr-FR\",\"potentialAction\":[{\"@type\":\"ReadAction\",\"target\":[\"https:\/\/lesafriquesenquestions.com\/?p=2111\"]}]},{\"@type\":\"ImageObject\",\"inLanguage\":\"fr-FR\",\"@id\":\"https:\/\/lesafriquesenquestions.com\/?p=2111#primaryimage\",\"url\":\"https:\/\/lesafriquesenquestions.com\/wp-content\/uploads\/2025\/09\/LAEQ-Cover.jpg\",\"contentUrl\":\"https:\/\/lesafriquesenquestions.com\/wp-content\/uploads\/2025\/09\/LAEQ-Cover.jpg\",\"width\":640,\"height\":640},{\"@type\":\"BreadcrumbList\",\"@id\":\"https:\/\/lesafriquesenquestions.com\/?p=2111#breadcrumb\",\"itemListElement\":[{\"@type\":\"ListItem\",\"position\":1,\"name\":\"Home\",\"item\":\"https:\/\/lesafriquesenquestions.com\/\"},{\"@type\":\"ListItem\",\"position\":2,\"name\":\"L&rsquo;afrique m\u00e9rite mieux que les r\u00e9cits convenus.\"}]},{\"@type\":\"WebSite\",\"@id\":\"https:\/\/lesafriquesenquestions.com\/#website\",\"url\":\"https:\/\/lesafriquesenquestions.com\/\",\"name\":\"Les Afriques en Questions\",\"description\":\"\",\"potentialAction\":[{\"@type\":\"SearchAction\",\"target\":{\"@type\":\"EntryPoint\",\"urlTemplate\":\"https:\/\/lesafriquesenquestions.com\/?s={search_term_string}\"},\"query-input\":{\"@type\":\"PropertyValueSpecification\",\"valueRequired\":true,\"valueName\":\"search_term_string\"}}],\"inLanguage\":\"fr-FR\"},{\"@type\":\"Person\",\"@id\":\"https:\/\/lesafriquesenquestions.com\/#\/schema\/person\/fbc449a3d34a37eb06311bd2c70a14d7\",\"name\":\"Administrateur\",\"image\":{\"@type\":\"ImageObject\",\"inLanguage\":\"fr-FR\",\"@id\":\"https:\/\/secure.gravatar.com\/avatar\/1e52a236d1a0d9d614decb5c6f8f8dbfe54fa2b49877e2f9dfe87a5b5a001fc5?s=96&d=mm&r=g\",\"url\":\"https:\/\/secure.gravatar.com\/avatar\/1e52a236d1a0d9d614decb5c6f8f8dbfe54fa2b49877e2f9dfe87a5b5a001fc5?s=96&d=mm&r=g\",\"contentUrl\":\"https:\/\/secure.gravatar.com\/avatar\/1e52a236d1a0d9d614decb5c6f8f8dbfe54fa2b49877e2f9dfe87a5b5a001fc5?s=96&d=mm&r=g\",\"caption\":\"Administrateur\"},\"sameAs\":[\"https:\/\/lesafriquesenquestions.com\"],\"url\":\"https:\/\/lesafriquesenquestions.com\/?author=1\"}]}<\/script>\n<!-- \/ Yoast SEO plugin. -->","yoast_head_json":{"title":"L'afrique m\u00e9rite mieux que les r\u00e9cits convenus. - Les Afriques en Questions","robots":{"index":"index","follow":"follow","max-snippet":"max-snippet:-1","max-image-preview":"max-image-preview:large","max-video-preview":"max-video-preview:-1"},"canonical":"https:\/\/lesafriquesenquestions.com\/?p=2111","og_locale":"fr_FR","og_type":"article","og_title":"L'afrique m\u00e9rite mieux que les r\u00e9cits convenus. - Les Afriques en Questions","og_description":"L'Afrique n'est pas un sujet simple. Ce podcast non plus.","og_url":"https:\/\/lesafriquesenquestions.com\/?p=2111","og_site_name":"Les Afriques en Questions","article_published_time":"2022-06-03T04:27:12+00:00","article_modified_time":"2026-04-09T08:52:11+00:00","og_image":[{"width":640,"height":640,"url":"https:\/\/lesafriquesenquestions.com\/wp-content\/uploads\/2025\/09\/LAEQ-Cover.jpg","type":"image\/jpeg"}],"author":"Administrateur","twitter_card":"summary_large_image","twitter_misc":{"\u00c9crit par":"Administrateur","Dur\u00e9e de lecture estim\u00e9e":"2 minutes"},"schema":{"@context":"https:\/\/schema.org","@graph":[{"@type":"Article","@id":"https:\/\/lesafriquesenquestions.com\/?p=2111#article","isPartOf":{"@id":"https:\/\/lesafriquesenquestions.com\/?p=2111"},"author":{"name":"Administrateur","@id":"https:\/\/lesafriquesenquestions.com\/#\/schema\/person\/fbc449a3d34a37eb06311bd2c70a14d7"},"headline":"L&rsquo;afrique m\u00e9rite mieux que les r\u00e9cits convenus.","datePublished":"2022-06-03T04:27:12+00:00","dateModified":"2026-04-09T08:52:11+00:00","mainEntityOfPage":{"@id":"https:\/\/lesafriquesenquestions.com\/?p=2111"},"wordCount":383,"commentCount":0,"image":{"@id":"https:\/\/lesafriquesenquestions.com\/?p=2111#primaryimage"},"thumbnailUrl":"https:\/\/lesafriquesenquestions.com\/wp-content\/uploads\/2025\/09\/LAEQ-Cover.jpg","keywords":["Afrique","Edito","G\u00e9opolitique","M\u00e9dias","Podcast"],"inLanguage":"fr-FR","potentialAction":[{"@type":"CommentAction","name":"Comment","target":["https:\/\/lesafriquesenquestions.com\/?p=2111#respond"]}]},{"@type":"WebPage","@id":"https:\/\/lesafriquesenquestions.com\/?p=2111","url":"https:\/\/lesafriquesenquestions.com\/?p=2111","name":"L'afrique m\u00e9rite mieux que les r\u00e9cits convenus. - Les Afriques en Questions","isPartOf":{"@id":"https:\/\/lesafriquesenquestions.com\/#website"},"primaryImageOfPage":{"@id":"https:\/\/lesafriquesenquestions.com\/?p=2111#primaryimage"},"image":{"@id":"https:\/\/lesafriquesenquestions.com\/?p=2111#primaryimage"},"thumbnailUrl":"https:\/\/lesafriquesenquestions.com\/wp-content\/uploads\/2025\/09\/LAEQ-Cover.jpg","datePublished":"2022-06-03T04:27:12+00:00","dateModified":"2026-04-09T08:52:11+00:00","author":{"@id":"https:\/\/lesafriquesenquestions.com\/#\/schema\/person\/fbc449a3d34a37eb06311bd2c70a14d7"},"breadcrumb":{"@id":"https:\/\/lesafriquesenquestions.com\/?p=2111#breadcrumb"},"inLanguage":"fr-FR","potentialAction":[{"@type":"ReadAction","target":["https:\/\/lesafriquesenquestions.com\/?p=2111"]}]},{"@type":"ImageObject","inLanguage":"fr-FR","@id":"https:\/\/lesafriquesenquestions.com\/?p=2111#primaryimage","url":"https:\/\/lesafriquesenquestions.com\/wp-content\/uploads\/2025\/09\/LAEQ-Cover.jpg","contentUrl":"https:\/\/lesafriquesenquestions.com\/wp-content\/uploads\/2025\/09\/LAEQ-Cover.jpg","width":640,"height":640},{"@type":"BreadcrumbList","@id":"https:\/\/lesafriquesenquestions.com\/?p=2111#breadcrumb","itemListElement":[{"@type":"ListItem","position":1,"name":"Home","item":"https:\/\/lesafriquesenquestions.com\/"},{"@type":"ListItem","position":2,"name":"L&rsquo;afrique m\u00e9rite mieux que les r\u00e9cits convenus."}]},{"@type":"WebSite","@id":"https:\/\/lesafriquesenquestions.com\/#website","url":"https:\/\/lesafriquesenquestions.com\/","name":"Les Afriques en Questions","description":"","potentialAction":[{"@type":"SearchAction","target":{"@type":"EntryPoint","urlTemplate":"https:\/\/lesafriquesenquestions.com\/?s={search_term_string}"},"query-input":{"@type":"PropertyValueSpecification","valueRequired":true,"valueName":"search_term_string"}}],"inLanguage":"fr-FR"},{"@type":"Person","@id":"https:\/\/lesafriquesenquestions.com\/#\/schema\/person\/fbc449a3d34a37eb06311bd2c70a14d7","name":"Administrateur","image":{"@type":"ImageObject","inLanguage":"fr-FR","@id":"https:\/\/secure.gravatar.com\/avatar\/1e52a236d1a0d9d614decb5c6f8f8dbfe54fa2b49877e2f9dfe87a5b5a001fc5?s=96&d=mm&r=g","url":"https:\/\/secure.gravatar.com\/avatar\/1e52a236d1a0d9d614decb5c6f8f8dbfe54fa2b49877e2f9dfe87a5b5a001fc5?s=96&d=mm&r=g","contentUrl":"https:\/\/secure.gravatar.com\/avatar\/1e52a236d1a0d9d614decb5c6f8f8dbfe54fa2b49877e2f9dfe87a5b5a001fc5?s=96&d=mm&r=g","caption":"Administrateur"},"sameAs":["https:\/\/lesafriquesenquestions.com"],"url":"https:\/\/lesafriquesenquestions.com\/?author=1"}]}},"_links":{"self":[{"href":"https:\/\/lesafriquesenquestions.com\/index.php?rest_route=\/wp\/v2\/posts\/2111","targetHints":{"allow":["GET"]}}],"collection":[{"href":"https:\/\/lesafriquesenquestions.com\/index.php?rest_route=\/wp\/v2\/posts"}],"about":[{"href":"https:\/\/lesafriquesenquestions.com\/index.php?rest_route=\/wp\/v2\/types\/post"}],"author":[{"embeddable":true,"href":"https:\/\/lesafriquesenquestions.com\/index.php?rest_route=\/wp\/v2\/users\/1"}],"replies":[{"embeddable":true,"href":"https:\/\/lesafriquesenquestions.com\/index.php?rest_route=%2Fwp%2Fv2%2Fcomments&post=2111"}],"version-history":[{"count":3,"href":"https:\/\/lesafriquesenquestions.com\/index.php?rest_route=\/wp\/v2\/posts\/2111\/revisions"}],"predecessor-version":[{"id":5430,"href":"https:\/\/lesafriquesenquestions.com\/index.php?rest_route=\/wp\/v2\/posts\/2111\/revisions\/5430"}],"wp:featuredmedia":[{"embeddable":true,"href":"https:\/\/lesafriquesenquestions.com\/index.php?rest_route=\/wp\/v2\/media\/5381"}],"wp:attachment":[{"href":"https:\/\/lesafriquesenquestions.com\/index.php?rest_route=%2Fwp%2Fv2%2Fmedia&parent=2111"}],"wp:term":[{"taxonomy":"category","embeddable":true,"href":"https:\/\/lesafriquesenquestions.com\/index.php?rest_route=%2Fwp%2Fv2%2Fcategories&post=2111"},{"taxonomy":"post_tag","embeddable":true,"href":"https:\/\/lesafriquesenquestions.com\/index.php?rest_route=%2Fwp%2Fv2%2Ftags&post=2111"}],"curies":[{"name":"wp","href":"https:\/\/api.w.org\/{rel}","templated":true}]}}