{"id":39,"count":3,"description":"Histoire coloniale, m\u00e9moires contest\u00e9es, identit\u00e9s africaines et expression culturelle. La culture comme espace politique et intellectuel \u00e0 part enti\u00e8re.","link":"https:\/\/lesafriquesenquestions.com\/?category_audio=memoire-culture","name":"Memoire et culture","slug":"memoire-culture","taxonomy":"category_audio","parent":0,"meta":[],"yoast_head":"<!-- This site is optimized with the Yoast SEO plugin v27.2 - https:\/\/yoast.com\/product\/yoast-seo-wordpress\/ -->\n<title>Archives des Memoire et culture - Les Afriques en Questions<\/title>\n<meta name=\"description\" content=\"Histoire coloniale, m\u00e9moires contest\u00e9es, identit\u00e9s africaines et expression culturelle. La culture comme espace politique et intellectuel \u00e0 part enti\u00e8re.\" \/>\n<meta name=\"robots\" content=\"index, follow, max-snippet:-1, max-image-preview:large, max-video-preview:-1\" \/>\n<link rel=\"canonical\" href=\"https:\/\/lesafriquesenquestions.com\/?category_audio=memoire-culture\" \/>\n<meta property=\"og:locale\" content=\"fr_FR\" \/>\n<meta property=\"og:type\" content=\"article\" \/>\n<meta property=\"og:title\" content=\"Archives des Memoire et culture - Les Afriques en Questions\" \/>\n<meta property=\"og:description\" content=\"Histoire coloniale, m\u00e9moires contest\u00e9es, identit\u00e9s africaines et expression culturelle. La culture comme espace politique et intellectuel \u00e0 part enti\u00e8re.\" \/>\n<meta property=\"og:url\" content=\"https:\/\/lesafriquesenquestions.com\/?category_audio=memoire-culture\" \/>\n<meta property=\"og:site_name\" content=\"Les Afriques en Questions\" \/>\n<meta name=\"twitter:card\" content=\"summary_large_image\" \/>\n<script type=\"application\/ld+json\" class=\"yoast-schema-graph\">{\"@context\":\"https:\/\/schema.org\",\"@graph\":[{\"@type\":\"CollectionPage\",\"@id\":\"https:\/\/lesafriquesenquestions.com\/?category_audio=memoire-culture\",\"url\":\"https:\/\/lesafriquesenquestions.com\/?category_audio=memoire-culture\",\"name\":\"Archives des Memoire et culture - Les Afriques en Questions\",\"isPartOf\":{\"@id\":\"https:\/\/lesafriquesenquestions.com\/#website\"},\"description\":\"Histoire coloniale, m\u00e9moires contest\u00e9es, identit\u00e9s africaines et expression culturelle. La culture comme espace politique et intellectuel \u00e0 part enti\u00e8re.\",\"breadcrumb\":{\"@id\":\"https:\/\/lesafriquesenquestions.com\/?category_audio=memoire-culture#breadcrumb\"},\"inLanguage\":\"fr-FR\"},{\"@type\":\"BreadcrumbList\",\"@id\":\"https:\/\/lesafriquesenquestions.com\/?category_audio=memoire-culture#breadcrumb\",\"itemListElement\":[{\"@type\":\"ListItem\",\"position\":1,\"name\":\"Home\",\"item\":\"https:\/\/lesafriquesenquestions.com\/\"},{\"@type\":\"ListItem\",\"position\":2,\"name\":\"Memoire et culture\"}]},{\"@type\":\"WebSite\",\"@id\":\"https:\/\/lesafriquesenquestions.com\/#website\",\"url\":\"https:\/\/lesafriquesenquestions.com\/\",\"name\":\"Les Afriques en Questions\",\"description\":\"\",\"potentialAction\":[{\"@type\":\"SearchAction\",\"target\":{\"@type\":\"EntryPoint\",\"urlTemplate\":\"https:\/\/lesafriquesenquestions.com\/?s={search_term_string}\"},\"query-input\":{\"@type\":\"PropertyValueSpecification\",\"valueRequired\":true,\"valueName\":\"search_term_string\"}}],\"inLanguage\":\"fr-FR\"}]}<\/script>\n<!-- \/ Yoast SEO plugin. -->","yoast_head_json":{"title":"Archives des Memoire et culture - Les Afriques en Questions","description":"Histoire coloniale, m\u00e9moires contest\u00e9es, identit\u00e9s africaines et expression culturelle. La culture comme espace politique et intellectuel \u00e0 part enti\u00e8re.","robots":{"index":"index","follow":"follow","max-snippet":"max-snippet:-1","max-image-preview":"max-image-preview:large","max-video-preview":"max-video-preview:-1"},"canonical":"https:\/\/lesafriquesenquestions.com\/?category_audio=memoire-culture","og_locale":"fr_FR","og_type":"article","og_title":"Archives des Memoire et culture - Les Afriques en Questions","og_description":"Histoire coloniale, m\u00e9moires contest\u00e9es, identit\u00e9s africaines et expression culturelle. La culture comme espace politique et intellectuel \u00e0 part enti\u00e8re.","og_url":"https:\/\/lesafriquesenquestions.com\/?category_audio=memoire-culture","og_site_name":"Les Afriques en Questions","twitter_card":"summary_large_image","schema":{"@context":"https:\/\/schema.org","@graph":[{"@type":"CollectionPage","@id":"https:\/\/lesafriquesenquestions.com\/?category_audio=memoire-culture","url":"https:\/\/lesafriquesenquestions.com\/?category_audio=memoire-culture","name":"Archives des Memoire et culture - Les Afriques en Questions","isPartOf":{"@id":"https:\/\/lesafriquesenquestions.com\/#website"},"description":"Histoire coloniale, m\u00e9moires contest\u00e9es, identit\u00e9s africaines et expression culturelle. La culture comme espace politique et intellectuel \u00e0 part enti\u00e8re.","breadcrumb":{"@id":"https:\/\/lesafriquesenquestions.com\/?category_audio=memoire-culture#breadcrumb"},"inLanguage":"fr-FR"},{"@type":"BreadcrumbList","@id":"https:\/\/lesafriquesenquestions.com\/?category_audio=memoire-culture#breadcrumb","itemListElement":[{"@type":"ListItem","position":1,"name":"Home","item":"https:\/\/lesafriquesenquestions.com\/"},{"@type":"ListItem","position":2,"name":"Memoire et culture"}]},{"@type":"WebSite","@id":"https:\/\/lesafriquesenquestions.com\/#website","url":"https:\/\/lesafriquesenquestions.com\/","name":"Les Afriques en Questions","description":"","potentialAction":[{"@type":"SearchAction","target":{"@type":"EntryPoint","urlTemplate":"https:\/\/lesafriquesenquestions.com\/?s={search_term_string}"},"query-input":{"@type":"PropertyValueSpecification","valueRequired":true,"valueName":"search_term_string"}}],"inLanguage":"fr-FR"}]}},"_links":{"self":[{"href":"https:\/\/lesafriquesenquestions.com\/index.php?rest_route=\/wp\/v2\/category_audio\/39","targetHints":{"allow":["GET"]}}],"collection":[{"href":"https:\/\/lesafriquesenquestions.com\/index.php?rest_route=\/wp\/v2\/category_audio"}],"about":[{"href":"https:\/\/lesafriquesenquestions.com\/index.php?rest_route=\/wp\/v2\/taxonomies\/category_audio"}],"wp:post_type":[{"href":"https:\/\/lesafriquesenquestions.com\/index.php?rest_route=%2Fwp%2Fv2%2Fova_audio&category_audio=39"}],"curies":[{"name":"wp","href":"https:\/\/api.w.org\/{rel}","templated":true}]}}